{"id":890,"date":"2023-12-01T17:09:00","date_gmt":"2023-12-01T17:09:00","guid":{"rendered":"https:\/\/noticierotamaulipeco.info\/?p=890"},"modified":"2023-12-06T05:11:11","modified_gmt":"2023-12-06T05:11:11","slug":"asume-damaso-anaya-alvarado-la-rectoria-de-la-uat","status":"publish","type":"post","link":"https:\/\/noticierotamaulipeco.info\/?p=890","title":{"rendered":"Asume D\u00e1maso Anaya Alvarado la rector\u00eda de la UAT"},"content":{"rendered":"\n<figure class=\"wp-block-image size-large\"><img loading=\"lazy\" decoding=\"async\" width=\"1024\" height=\"683\" src=\"https:\/\/noticierotamaulipeco.info\/wp-content\/uploads\/2023\/12\/foto-5-damaso-anaya-rector-01-12-2023-1024x683.jpg\" alt=\"\" class=\"wp-image-891\" srcset=\"https:\/\/noticierotamaulipeco.info\/wp-content\/uploads\/2023\/12\/foto-5-damaso-anaya-rector-01-12-2023-1024x683.jpg 1024w, https:\/\/noticierotamaulipeco.info\/wp-content\/uploads\/2023\/12\/foto-5-damaso-anaya-rector-01-12-2023-300x200.jpg 300w, https:\/\/noticierotamaulipeco.info\/wp-content\/uploads\/2023\/12\/foto-5-damaso-anaya-rector-01-12-2023-768x512.jpg 768w, https:\/\/noticierotamaulipeco.info\/wp-content\/uploads\/2023\/12\/foto-5-damaso-anaya-rector-01-12-2023-1536x1025.jpg 1536w, https:\/\/noticierotamaulipeco.info\/wp-content\/uploads\/2023\/12\/foto-5-damaso-anaya-rector-01-12-2023.jpg 2048w\" sizes=\"auto, (max-width: 1024px) 100vw, 1024px\" \/><\/figure>\n\n\n\n<p>Cd. Victoria, Tam., 1 de diciembre de 2023.<br><br>\uf0b7 El catedr\u00e1tico universitario toma protesta como rector interino luego de la<br>renuncia al m\u00e1ximo cargo de la casa de estudios presentada por Guillermo<br>Mendoza.<\/p>\n\n\n\n<p>El Dr. D\u00e1maso Leonardo Anaya Alvarado fue electo este viernes 1 diciembre como<br>rector de la Universidad Aut\u00f3noma de Tamaulipas (UAT) por la Asamblea<br>Universitaria que aprob\u00f3 la propuesta de integrantes del \u00f3rgano colegiado, para<br>que ocupe el m\u00e1ximo cargo al frente de la casa de estudios, en sustituci\u00f3n de<br>Guillermo Mendoza Cavazos.<br>En sesi\u00f3n con car\u00e1cter de extraordinaria, la Asamblea aprob\u00f3 por<br>unanimidad la propuesta presentada por los directores, Flaviano Benavides<br>Gonz\u00e1lez, de la Facultad de Medicina Veterinaria; Jaime Malacara Nav\u00e9jar, de la<br>Unidad Acad\u00e9mica Multidisciplinaria Reynosa Rodhe; y Roberto Pichardo<br>Ram\u00edrez, de la Facultad de Ingenier\u00eda Tampico, para que sea el Dr. D\u00e1maso<br>Anaya quien ocupe la rector\u00eda interina de la m\u00e1xima casa de estudios.<br>Luego de la toma de protesta ante la Junta Permanente de la Universidad,<br>el rector D\u00e1maso Anaya agradeci\u00f3 a la comunidad universitaria la confianza para<br>dirigir los destinos de la instituci\u00f3n.<br>En la ceremonia efectuada en el Teatro Universitario del edificio Rector\u00eda,<br>destac\u00f3 su compromiso para mantener la unidad de la Universidad Aut\u00f3noma de<br>Tamaulipas, realizar y cumplir cada uno de los acuerdos que se asuman, y<br>contribuir al aseguramiento de los avances y logros institucionales.<br>\u201cSon tiempos de transformaci\u00f3n social, que exigen un mayor compromiso<br>por parte de la universidad para formar profesionistas con un alto sentido social y<br>una alta calidad educativa, donde priorice la educaci\u00f3n dentro de un ambiente<\/p>\n\n\n\n<p>participativo y colaborativo, mediante un modelo de acercamiento de nuestro<br>quehacer universitario hacia los dem\u00e1s. Por ello, promoveremos el fortalecimiento<br>de una universidad humanista\u201d, expres\u00f3.<br>\u201cAsimismo, es indispensable rescatar el respeto a nuestra instituci\u00f3n; por lo<br>cual impulsaremos una administraci\u00f3n abierta, democr\u00e1tica y transparente hacia el<br>entendido de que la Universidad es un ente social que requiere el trabajo de<br>todos\u201d, a\u00f1adi\u00f3.<br>La Asamblea Universitaria, que integran directores y representantes de<br>estudiantes y docentes de las 26 facultades, unidades acad\u00e9micas y escuelas de<br>la UAT, constituida en Junta Permanente, y presidida por el secretario general<br>Eduardo Arvizu S\u00e1nchez, aprob\u00f3 la renuncia al m\u00e1ximo cargo de la casa de<br>estudios presentada por Guillermo Mendoza.<br>El nuevo rector D\u00e1maso Leonardo Anaya Alvarado, es m\u00e9dico veterinario<br>zootecnista egresado de la Facultad de Medicina Veterinaria y Zootecnia de la<br>UAT, en donde ha realizado la Maestr\u00eda en Administraci\u00f3n de Empresas<br>Agropecuarias y el Doctorado en Ciencias Sistemas Agropecuarios y Medio<br>Ambiente; cuenta adem\u00e1s con una Maestr\u00eda en Producci\u00f3n Animal por la<br>Universidad Aut\u00f3noma Agraria Antonio Narro y el Diplomado de Nutrici\u00f3n Animal.<br>Con m\u00e1s de 31 a\u00f1os de experiencia en el \u00e1mbito agropecuario, se ha<br>desempe\u00f1ado en la academia como catedr\u00e1tico de la FMVZ-UAT, en donde<br>impuls\u00f3 la creaci\u00f3n del posgrado de Econom\u00eda y Desarrollo Regional, y ha sido<br>secretario t\u00e9cnico, adem\u00e1s de titular de las \u00e1reas de producci\u00f3n de esa instituci\u00f3n<br>universitaria.<br>Hasta antes de asumir el cargo de rector en la UAT, se desempe\u00f1aba como<br>secretario de Desarrollo Rural en el gobierno del estado de Tamaulipas, y entre<br>otros cargos en la administraci\u00f3n p\u00fablica, ha estado laborando en \u00e1reas de la<br>secretaria de Salud del gobierno estatal, en el Ayuntamiento de Victoria, y ha<\/p>\n\n\n\n<p>participado en el desarrollo de proyectos, como la fusi\u00f3n de rastros entre municipio<br>de Victoria y la UAT y la creaci\u00f3n del centro antirr\u00e1bico municipal de Victoria.<\/p>\n","protected":false},"excerpt":{"rendered":"<p>Cd. Victoria, Tam., 1 de diciembre de 2023. \uf0b7 El catedr\u00e1tico universitario toma protesta como&#8230;<\/p>\n","protected":false},"author":1,"featured_media":891,"comment_status":"open","ping_status":"open","sticky":false,"template":"","format":"standard","meta":{"footnotes":""},"categories":[4],"tags":[],"class_list":["post-890","post","type-post","status-publish","format-standard","has-post-thumbnail","hentry","category-educacion"],"_links":{"self":[{"href":"https:\/\/noticierotamaulipeco.info\/index.php?rest_route=\/wp\/v2\/posts\/890","targetHints":{"allow":["GET"]}}],"collection":[{"href":"https:\/\/noticierotamaulipeco.info\/index.php?rest_route=\/wp\/v2\/posts"}],"about":[{"href":"https:\/\/noticierotamaulipeco.info\/index.php?rest_route=\/wp\/v2\/types\/post"}],"author":[{"embeddable":true,"href":"https:\/\/noticierotamaulipeco.info\/index.php?rest_route=\/wp\/v2\/users\/1"}],"replies":[{"embeddable":true,"href":"https:\/\/noticierotamaulipeco.info\/index.php?rest_route=%2Fwp%2Fv2%2Fcomments&post=890"}],"version-history":[{"count":1,"href":"https:\/\/noticierotamaulipeco.info\/index.php?rest_route=\/wp\/v2\/posts\/890\/revisions"}],"predecessor-version":[{"id":892,"href":"https:\/\/noticierotamaulipeco.info\/index.php?rest_route=\/wp\/v2\/posts\/890\/revisions\/892"}],"wp:featuredmedia":[{"embeddable":true,"href":"https:\/\/noticierotamaulipeco.info\/index.php?rest_route=\/wp\/v2\/media\/891"}],"wp:attachment":[{"href":"https:\/\/noticierotamaulipeco.info\/index.php?rest_route=%2Fwp%2Fv2%2Fmedia&parent=890"}],"wp:term":[{"taxonomy":"category","embeddable":true,"href":"https:\/\/noticierotamaulipeco.info\/index.php?rest_route=%2Fwp%2Fv2%2Fcategories&post=890"},{"taxonomy":"post_tag","embeddable":true,"href":"https:\/\/noticierotamaulipeco.info\/index.php?rest_route=%2Fwp%2Fv2%2Ftags&post=890"}],"curies":[{"name":"wp","href":"https:\/\/api.w.org\/{rel}","templated":true}]}}