{"id":893,"date":"2023-12-03T17:11:00","date_gmt":"2023-12-03T17:11:00","guid":{"rendered":"https:\/\/noticierotamaulipeco.info\/?p=893"},"modified":"2023-12-06T05:14:53","modified_gmt":"2023-12-06T05:14:53","slug":"893","status":"publish","type":"post","link":"https:\/\/noticierotamaulipeco.info\/?p=893","title":{"rendered":"Respalda gobernador proyecto del rector D\u00e1maso Anaya"},"content":{"rendered":"\n<figure class=\"wp-block-image size-large\"><img loading=\"lazy\" decoding=\"async\" width=\"1024\" height=\"682\" src=\"https:\/\/noticierotamaulipeco.info\/wp-content\/uploads\/2023\/12\/foto-2-rector-damaso-anaya-03-12-2023-1-1024x682.jpg\" alt=\"\" class=\"wp-image-894\" srcset=\"https:\/\/noticierotamaulipeco.info\/wp-content\/uploads\/2023\/12\/foto-2-rector-damaso-anaya-03-12-2023-1-1024x682.jpg 1024w, https:\/\/noticierotamaulipeco.info\/wp-content\/uploads\/2023\/12\/foto-2-rector-damaso-anaya-03-12-2023-1-300x200.jpg 300w, https:\/\/noticierotamaulipeco.info\/wp-content\/uploads\/2023\/12\/foto-2-rector-damaso-anaya-03-12-2023-1-768x512.jpg 768w, https:\/\/noticierotamaulipeco.info\/wp-content\/uploads\/2023\/12\/foto-2-rector-damaso-anaya-03-12-2023-1-1536x1023.jpg 1536w, https:\/\/noticierotamaulipeco.info\/wp-content\/uploads\/2023\/12\/foto-2-rector-damaso-anaya-03-12-2023-1.jpg 1600w\" sizes=\"auto, (max-width: 1024px) 100vw, 1024px\" \/><\/figure>\n\n\n\n<p>Ciudad Victoria, Tam.; 3 de diciembre de 2023.<br><br>El gobernador Am\u00e9rico Villarreal Anaya respald\u00f3 el proyecto del rector de la<br>Universidad Aut\u00f3noma de Tamaulipas (UAT) D\u00e1maso Leonardo Anaya Alvarado, y<br>confi\u00f3 en que se fortalecer\u00e1 el trabajo conjunto que ser\u00e1 de beneficio para la<br>sociedad tamaulipeca.<br>El mandatario estatal se reuni\u00f3 con el nuevo rector de la UAT y directores<br>de los planteles universitarios en un encuentro celebrado en el complejo cultural<br>Tamux en ciudad Victoria.<br>Luego de felicitarlo por su reciente designaci\u00f3n al frente de la casa de<br>estudios, el gobernador le expres\u00f3 a D\u00e1maso Anaya su reconocimiento por la<br>labor que hizo durante el tiempo que form\u00f3 parte de su gabinete estatal.<br>\u201cFue un eficiente y eficaz colaborador dentro del gabinete del Gobierno del<br>Estado, as\u00ed es que yo pierdo un excelente secretario pero ustedes ganan un<br>excelente rector\u201d, expres\u00f3 el Dr. Am\u00e9rico Villarreal.<br>Asimismo, conmin\u00f3 a los universitarios a ser propositivos ante los retos en<br>diferentes \u00e1reas que enfrenta el estado: \u201cEs muy importante para el Gobierno del<br>Estado contar con esta colaboraci\u00f3n de un acervo de conocimiento cient\u00edfico,<br>t\u00e9cnico, de las caracter\u00edsticas por las que tenemos el especial inter\u00e9s y atenci\u00f3n<br>en el estado, pero tambi\u00e9n de estas perspectivas a futuro y saberlas aprovechar<br>correctamente\u201d.<br>El gobernador tambi\u00e9n habl\u00f3 de los proyectos que se impulsan en diversas<br>\u00e1reas para fortalecer el desarrollo de Tamaulipas. Y asever\u00f3 que es necesario<br>formar recursos humanos pertinentes que coadyuven al cumplimiento de estas<br>metas.<\/p>\n\n\n\n<p>\u201cYo s\u00e9 que con ustedes podemos pensar que Tamaulipas tiene una<br>sociedad que quiere prosperar, que quiere vivir en paz, tener desarrollo y<br>bienestar, y si nos lo proponemos lo lograremos\u201d, subray\u00f3.<br>Por su parte, D\u00e1maso Leonardo Anaya Alvarado agradeci\u00f3 el apoyo de la<br>Asamblea Universitaria que confi\u00f3 en su proyecto de trabajo, \u201ctuvieron a bien<br>nombrarme como rector interino, estoy muy agradecido con toda la planta<br>docente, con los asamble\u00edstas\u201d.<br>Resalt\u00f3 la importancia que representa para Tamaulipas tener una instituci\u00f3n<br>de educaci\u00f3n superior que cuenta con una alta calidad de sus docentes para<br>atender a una poblaci\u00f3n de m\u00e1s de 41 mil estudiantes en sus diferentes campus.<br>\u201cSe\u00f1or gobernador cuenta con la Universidad, y con la Universidad de<br>todos, con la Universidad de los tamaulipecos\u201d, enfatiz\u00f3, al destacar la labor del<br>mandatario para llevar a buen puerto los destinos del estado.<br>\u201cNosotros, con la preparaci\u00f3n acad\u00e9mica y las ganas que tenemos como<br>universitarios, cuente como aliado a nuestra universidad para con el Gobierno del<br>Estado de Tamaulipas\u201d, puntualiz\u00f3.<br>Finalmente, agradeci\u00f3 la presencia de los secretarios del Gobierno de<br>Tamaulipas quienes hicieron patente el apoyo a su proyecto de trabajo que<br>apenas inicia.<br>A este encuentro acompa\u00f1aron al gobernador y al rector, los funcionarios<br>del gabinete estatal, el secretario de Administraci\u00f3n Dr. Jes\u00fas Lav\u00edn Ver\u00e1stegui; la<br>contralora gubernamental, Dra. Norma Ang\u00e9lica Pedraza Melo; la titular de la<br>Consejer\u00eda Jur\u00eddica, Lic. Tania Contreras L\u00f3pez; el coordinador general de<br>Comunicaci\u00f3n Social, Lic. Francisco Cu\u00e9llar Cardona; el jefe de la Oficina del<br>Ejecutivo Estatal, Dr. Ricardo Gerardo Guerrero Morales; la secretaria del Trabajo,<br>Lic. Olga Patricia Sosa Ruiz; la secretaria de Desarrollo Urbano y Medio Ambiente,<br>Arq. Karina Lizeth Sald\u00edvar Lartigue; el secretario de Obras P\u00fablicas, Ing. Pedro<br>Cepeda Anaya, entre otras autoridades.<\/p>\n","protected":false},"excerpt":{"rendered":"<p>Ciudad Victoria, Tam.; 3 de diciembre de 2023. El gobernador Am\u00e9rico Villarreal Anaya respald\u00f3 el&#8230;<\/p>\n","protected":false},"author":1,"featured_media":894,"comment_status":"open","ping_status":"open","sticky":false,"template":"","format":"standard","meta":{"footnotes":""},"categories":[4],"tags":[],"class_list":["post-893","post","type-post","status-publish","format-standard","has-post-thumbnail","hentry","category-educacion"],"_links":{"self":[{"href":"https:\/\/noticierotamaulipeco.info\/index.php?rest_route=\/wp\/v2\/posts\/893","targetHints":{"allow":["GET"]}}],"collection":[{"href":"https:\/\/noticierotamaulipeco.info\/index.php?rest_route=\/wp\/v2\/posts"}],"about":[{"href":"https:\/\/noticierotamaulipeco.info\/index.php?rest_route=\/wp\/v2\/types\/post"}],"author":[{"embeddable":true,"href":"https:\/\/noticierotamaulipeco.info\/index.php?rest_route=\/wp\/v2\/users\/1"}],"replies":[{"embeddable":true,"href":"https:\/\/noticierotamaulipeco.info\/index.php?rest_route=%2Fwp%2Fv2%2Fcomments&post=893"}],"version-history":[{"count":2,"href":"https:\/\/noticierotamaulipeco.info\/index.php?rest_route=\/wp\/v2\/posts\/893\/revisions"}],"predecessor-version":[{"id":896,"href":"https:\/\/noticierotamaulipeco.info\/index.php?rest_route=\/wp\/v2\/posts\/893\/revisions\/896"}],"wp:featuredmedia":[{"embeddable":true,"href":"https:\/\/noticierotamaulipeco.info\/index.php?rest_route=\/wp\/v2\/media\/894"}],"wp:attachment":[{"href":"https:\/\/noticierotamaulipeco.info\/index.php?rest_route=%2Fwp%2Fv2%2Fmedia&parent=893"}],"wp:term":[{"taxonomy":"category","embeddable":true,"href":"https:\/\/noticierotamaulipeco.info\/index.php?rest_route=%2Fwp%2Fv2%2Fcategories&post=893"},{"taxonomy":"post_tag","embeddable":true,"href":"https:\/\/noticierotamaulipeco.info\/index.php?rest_route=%2Fwp%2Fv2%2Ftags&post=893"}],"curies":[{"name":"wp","href":"https:\/\/api.w.org\/{rel}","templated":true}]}}