{"id":900,"date":"2023-12-05T17:18:00","date_gmt":"2023-12-05T17:18:00","guid":{"rendered":"https:\/\/noticierotamaulipeco.info\/?p=900"},"modified":"2023-12-06T05:24:28","modified_gmt":"2023-12-06T05:24:28","slug":"angelina-jolie-asegura-que-hollywood-no-es-un-lugar-sano","status":"publish","type":"post","link":"https:\/\/noticierotamaulipeco.info\/?p=900","title":{"rendered":"Angelina Jolie asegura que Hollywood &#8220;no es un lugar sano&#8221;"},"content":{"rendered":"\n<p>La actriz&nbsp;lanz\u00f3 cr\u00edticas contra Hollywood y lo defini\u00f3 como un mundo superficial<\/p>\n\n\n\n<p>5 de diciembre de 2023<\/p>\n\n\n\n<figure class=\"wp-block-image size-full\"><img loading=\"lazy\" decoding=\"async\" width=\"770\" height=\"485\" src=\"https:\/\/noticierotamaulipeco.info\/wp-content\/uploads\/2023\/12\/rs1882912_1192513-dig-2012-02-12-1289_crop1701804439220.jpg_1970638775.webp\" alt=\"\" class=\"wp-image-901\" srcset=\"https:\/\/noticierotamaulipeco.info\/wp-content\/uploads\/2023\/12\/rs1882912_1192513-dig-2012-02-12-1289_crop1701804439220.jpg_1970638775.webp 770w, https:\/\/noticierotamaulipeco.info\/wp-content\/uploads\/2023\/12\/rs1882912_1192513-dig-2012-02-12-1289_crop1701804439220.jpg_1970638775-300x189.webp 300w, https:\/\/noticierotamaulipeco.info\/wp-content\/uploads\/2023\/12\/rs1882912_1192513-dig-2012-02-12-1289_crop1701804439220.jpg_1970638775-768x484.webp 768w, https:\/\/noticierotamaulipeco.info\/wp-content\/uploads\/2023\/12\/rs1882912_1192513-dig-2012-02-12-1289_crop1701804439220.jpg_1970638775-540x340.webp 540w\" sizes=\"auto, (max-width: 770px) 100vw, 770px\" \/><\/figure>\n\n\n\n<p><strong>Angelina Jolie<\/strong>&nbsp;ha lanzado cr\u00edticas en contra de&nbsp;<strong>Hollywood<\/strong>, la industria donde se form\u00f3 y alcanz\u00f3 la fama global, y de la que asegura que, adem\u00e1s de ser un mundo &#8220;superficial&#8221;,&nbsp;no es un entorno sano.<\/p>\n\n\n\n<p>&#8220;Crec\u00ed en un sitio muy superficial. De todos los lugares del mundo, Hollywood no es uno sano&#8221;,&nbsp;se\u00f1ala en una entrevista con&nbsp;<strong>The Wall Street Journal<\/strong>, con motivo del pr\u00f3ximo estreno de la pel\u00edcula&nbsp;<strong>&#8220;Maria&#8221;,<\/strong>&nbsp;en la que encarnar\u00e1 el papel de la soprano&nbsp;<strong>Mar\u00eda Callas<\/strong>.<\/p>\n\n\n\n<p>La actriz subraya en su entrevista que, hoy d\u00eda,\u00a0<strong>no ser\u00eda actriz<\/strong>:\u00a0&#8220;Quiz\u00e1 de teatro, pero no de Hollywood. Cuando empec\u00e9, no hab\u00eda tantas expectativas de ser tan p\u00fablica, de compartir tanto&#8221;.<\/p>\n\n\n\n<p>Jolie asegura que sus primeros a\u00f1os de fama fueron<strong>&nbsp;bastante duros<\/strong>, llegando a padecer&nbsp;<strong>depresi\u00f3n y pensamientos suicidas<\/strong>; adem\u00e1s,&nbsp;el punto cumbre de su carrera ocurri\u00f3 mientras su madre mor\u00eda a causa de un c\u00e1ncer.<\/p>\n\n\n\n<p>En la entrevista con el peri\u00f3dico estadounidense reconoci\u00f3 que, aunque gracias al p\u00fablico tiene una carrera, la gente tiene una<strong>\u00a0imagen de ella<\/strong>\u00a0que no encaja del todo con la realidad, y que no le permite mostrar su sufrimiento o tristeza.<\/p>\n\n\n\n<p>&#8220;Desde que era joven, a la gente le gustaba la parte de m\u00ed que es bastante dura y quiz\u00e1 algo salvaje. El p\u00fablico no quiere o\u00edr hablar de mi dolor o mi tristeza. Eso no es entretenido&#8221;, revel\u00f3.<\/p>\n\n\n\n<h2 class=\"wp-block-heading\"><strong>Un giro de carrera<\/strong><\/h2>\n\n\n\n<p>Aunque Angelina Jolie contin\u00faa actuando en pel\u00edculas, como la tercera parte de la saga de Disney&nbsp;<strong>&#8220;Mal\u00e9fica&#8221;,<\/strong>&nbsp;tambi\u00e9n ha participado en proyectos que poco o nada tienen que ver con el cine.<\/p>\n\n\n\n<p>En fechas recientes ha comenzado en el mundo de la moda con&nbsp;<strong>&#8220;Atelier Jolie&#8221;<\/strong>, una marca sostenible con sede en&nbsp;<strong>NoHo<\/strong>&nbsp;-un barrio en&nbsp;Manhattan- donde cuenta con un<strong>&nbsp;taller&nbsp;<\/strong>en el que&nbsp;los clientes pueden fabricar sus propias prendas con ayuda de dise\u00f1adores y artesanos.<\/p>\n\n\n\n<p>Asimismo, la actriz est\u00e1 involucrada en la producci\u00f3n de un musical en Broadway titulado&nbsp;<strong>&#8220;The Outsiders&#8221;<\/strong>, y que se basa en el libro hom\u00f3nimo de<strong>&nbsp;Susan Eloise<\/strong>&nbsp;<strong>Hinton<\/strong>&nbsp;y en la adaptaci\u00f3n cinematogr\u00e1fica que&nbsp;<strong>Francis Ford Coppola realiz\u00f3 en 1983.<\/strong><\/p>\n\n\n\n<p>La int\u00e9rprete tambi\u00e9n protagonizar\u00e1&nbsp;&#8220;Maria&#8221;, un biopic de la cantante de \u00f3pera Mar\u00eda Callas, con la direcci\u00f3n del aclamado chileno Pablo Larra\u00edn; est\u00e1 previsto que se estrene a finales de 2024 o hasta 2025.<\/p>\n\n\n\n<p>Jolie confes\u00f3 a The Wall Street Journal sentirse &#8220;algo aterrada&#8221; de interpretar a Callas, pues no se ve a s\u00ed misma como una cantante y, adem\u00e1s, no suele cantar ni siquiera en la intimidad, limit\u00e1ndose a entonar en voz baja el &#8220;feliz cumplea\u00f1os&#8221; en las fiestas.<\/p>\n","protected":false},"excerpt":{"rendered":"<p>La actriz&nbsp;lanz\u00f3 cr\u00edticas contra Hollywood y lo defini\u00f3 como un mundo superficial 5 de diciembre&#8230;<\/p>\n","protected":false},"author":1,"featured_media":901,"comment_status":"open","ping_status":"open","sticky":false,"template":"","format":"standard","meta":{"footnotes":""},"categories":[7],"tags":[],"class_list":["post-900","post","type-post","status-publish","format-standard","has-post-thumbnail","hentry","category-espectaculos"],"_links":{"self":[{"href":"https:\/\/noticierotamaulipeco.info\/index.php?rest_route=\/wp\/v2\/posts\/900","targetHints":{"allow":["GET"]}}],"collection":[{"href":"https:\/\/noticierotamaulipeco.info\/index.php?rest_route=\/wp\/v2\/posts"}],"about":[{"href":"https:\/\/noticierotamaulipeco.info\/index.php?rest_route=\/wp\/v2\/types\/post"}],"author":[{"embeddable":true,"href":"https:\/\/noticierotamaulipeco.info\/index.php?rest_route=\/wp\/v2\/users\/1"}],"replies":[{"embeddable":true,"href":"https:\/\/noticierotamaulipeco.info\/index.php?rest_route=%2Fwp%2Fv2%2Fcomments&post=900"}],"version-history":[{"count":1,"href":"https:\/\/noticierotamaulipeco.info\/index.php?rest_route=\/wp\/v2\/posts\/900\/revisions"}],"predecessor-version":[{"id":902,"href":"https:\/\/noticierotamaulipeco.info\/index.php?rest_route=\/wp\/v2\/posts\/900\/revisions\/902"}],"wp:featuredmedia":[{"embeddable":true,"href":"https:\/\/noticierotamaulipeco.info\/index.php?rest_route=\/wp\/v2\/media\/901"}],"wp:attachment":[{"href":"https:\/\/noticierotamaulipeco.info\/index.php?rest_route=%2Fwp%2Fv2%2Fmedia&parent=900"}],"wp:term":[{"taxonomy":"category","embeddable":true,"href":"https:\/\/noticierotamaulipeco.info\/index.php?rest_route=%2Fwp%2Fv2%2Fcategories&post=900"},{"taxonomy":"post_tag","embeddable":true,"href":"https:\/\/noticierotamaulipeco.info\/index.php?rest_route=%2Fwp%2Fv2%2Ftags&post=900"}],"curies":[{"name":"wp","href":"https:\/\/api.w.org\/{rel}","templated":true}]}}