{"id":903,"date":"2023-12-06T05:25:00","date_gmt":"2023-12-06T05:25:00","guid":{"rendered":"https:\/\/noticierotamaulipeco.info\/?p=903"},"modified":"2023-12-06T05:27:17","modified_gmt":"2023-12-06T05:27:17","slug":"preside-esposa-del-rector-festival-navideno-de-la-uat-2023","status":"publish","type":"post","link":"https:\/\/noticierotamaulipeco.info\/?p=903","title":{"rendered":"Preside esposa del rector festival navide\u00f1o de la UAT 2023"},"content":{"rendered":"\n<figure class=\"wp-block-image size-large\"><img loading=\"lazy\" decoding=\"async\" width=\"1024\" height=\"682\" src=\"https:\/\/noticierotamaulipeco.info\/wp-content\/uploads\/2023\/12\/4-1024x682.jpeg\" alt=\"\" class=\"wp-image-904\" srcset=\"https:\/\/noticierotamaulipeco.info\/wp-content\/uploads\/2023\/12\/4-1024x682.jpeg 1024w, https:\/\/noticierotamaulipeco.info\/wp-content\/uploads\/2023\/12\/4-300x200.jpeg 300w, https:\/\/noticierotamaulipeco.info\/wp-content\/uploads\/2023\/12\/4-768x512.jpeg 768w, https:\/\/noticierotamaulipeco.info\/wp-content\/uploads\/2023\/12\/4-1536x1023.jpeg 1536w, https:\/\/noticierotamaulipeco.info\/wp-content\/uploads\/2023\/12\/4.jpeg 1600w\" sizes=\"auto, (max-width: 1024px) 100vw, 1024px\" \/><\/figure>\n\n\n\n<p>Ciudad Victoria, Tam.; 5 de diciembre de 2023.<br><br>\uf0b7 Centros infantiles celebran emotivo programa art\u00edstico en el Gimnasio<\/p>\n\n\n\n<p>Multidisciplinario de Victoria<\/p>\n\n\n\n<p>En un emotivo programa art\u00edstico, los centros educativos y de atenci\u00f3n infantil de la<br>Universidad Aut\u00f3noma de Tamaulipas (UAT) en Cd. Victoria celebraron con gran \u00e9xito el<br>Festival Navide\u00f1o 2023.<br>En representaci\u00f3n del rector de la UAT, MVZ. D\u00e1maso Leonardo Anaya<br>Alvarado, su esposa, la Lic. Isolda Rend\u00f3n de Anaya, expres\u00f3 sus mejores deseos para la<br>comunidad de esos centros infantiles en esta temporada decembrina.<br>Resalt\u00f3 la importancia de los ni\u00f1os y j\u00f3venes que conforman nuestra sociedad,<br>subrayando que son quienes construyen el futuro de Tamaulipas y de M\u00e9xico. &#8220;Invertir en<br>ellos, en su educaci\u00f3n con amor y valores firmes, ser\u00e1 siempre la mejor decisi\u00f3n y nuestra<br>prioridad&#8221;, destac\u00f3.<br>El festival denominado &#8220;Salvando la Navidad&#8221;, que tuvo lugar el 5 de diciembre<br>en el Gimnasio Multidisciplinario Victoria, se transform\u00f3 en un espect\u00e1culo colorido que<br>destac\u00f3 por la participaci\u00f3n activa y el talento de los peque\u00f1os artistas que forman parte<br>de los centros infantiles de la universidad: CENDI UAT Victoria, C\u00edrculo de Desarrollo<br>Infantil Victoria y del Centro de Idiomas para la Ni\u00f1ez y la Adolescencia (CEINA) UAT.<br>Se cont\u00f3 con la entusiasta presencia de padres, madres y dem\u00e1s familiares de los<br>peque\u00f1os que forman parte de esas dependencias de la Universidad, y que son a su vez<br>hijos de trabajadores y estudiantes universitarios.<br>El programa art\u00edstico fue una verdadera muestra de talento, con m\u00e1s de 24 n\u00fameros<br>art\u00edsticos que incluyeron bailes, canciones, vistosos vestuarios y un escenario lleno de<br>magia, todos ellos ambientados en la \u00e9poca navide\u00f1a.<br>La Lic. Isolda Rend\u00f3n de Anaya estuvo acompa\u00f1ada por las directoras de los<br>diferentes centros infantiles, la Mtra. Mara Clementina Cardona Castillo, del CENDI UAT<br>Victoria; la Mtra. Claudia Ver\u00f3nica Cedillo de los Santos, directora del C\u00edrculo de <\/p>\n\n\n\n<p>Desarrollo Infantil Victoria, y la Mtra. Mar\u00eda Dolores Mart\u00ednez Hern\u00e1ndez, directora del<br>CEINA UAT, quienes elogiaron el esfuerzo conjunto de la comunidad educativa.<br>Este Festival Navide\u00f1o no solo fue un espect\u00e1culo visualmente llamativo, sino<br>tambi\u00e9n refrenda el compromiso de la UAT en la construcci\u00f3n de un futuro brillante para la<br>ni\u00f1ez tamaulipeca.<\/p>\n","protected":false},"excerpt":{"rendered":"<p>Ciudad Victoria, Tam.; 5 de diciembre de 2023. \uf0b7 Centros infantiles celebran emotivo programa art\u00edstico&#8230;<\/p>\n","protected":false},"author":1,"featured_media":904,"comment_status":"open","ping_status":"open","sticky":false,"template":"","format":"standard","meta":{"footnotes":""},"categories":[4],"tags":[],"class_list":["post-903","post","type-post","status-publish","format-standard","has-post-thumbnail","hentry","category-educacion"],"_links":{"self":[{"href":"https:\/\/noticierotamaulipeco.info\/index.php?rest_route=\/wp\/v2\/posts\/903","targetHints":{"allow":["GET"]}}],"collection":[{"href":"https:\/\/noticierotamaulipeco.info\/index.php?rest_route=\/wp\/v2\/posts"}],"about":[{"href":"https:\/\/noticierotamaulipeco.info\/index.php?rest_route=\/wp\/v2\/types\/post"}],"author":[{"embeddable":true,"href":"https:\/\/noticierotamaulipeco.info\/index.php?rest_route=\/wp\/v2\/users\/1"}],"replies":[{"embeddable":true,"href":"https:\/\/noticierotamaulipeco.info\/index.php?rest_route=%2Fwp%2Fv2%2Fcomments&post=903"}],"version-history":[{"count":1,"href":"https:\/\/noticierotamaulipeco.info\/index.php?rest_route=\/wp\/v2\/posts\/903\/revisions"}],"predecessor-version":[{"id":905,"href":"https:\/\/noticierotamaulipeco.info\/index.php?rest_route=\/wp\/v2\/posts\/903\/revisions\/905"}],"wp:featuredmedia":[{"embeddable":true,"href":"https:\/\/noticierotamaulipeco.info\/index.php?rest_route=\/wp\/v2\/media\/904"}],"wp:attachment":[{"href":"https:\/\/noticierotamaulipeco.info\/index.php?rest_route=%2Fwp%2Fv2%2Fmedia&parent=903"}],"wp:term":[{"taxonomy":"category","embeddable":true,"href":"https:\/\/noticierotamaulipeco.info\/index.php?rest_route=%2Fwp%2Fv2%2Fcategories&post=903"},{"taxonomy":"post_tag","embeddable":true,"href":"https:\/\/noticierotamaulipeco.info\/index.php?rest_route=%2Fwp%2Fv2%2Ftags&post=903"}],"curies":[{"name":"wp","href":"https:\/\/api.w.org\/{rel}","templated":true}]}}