{"id":917,"date":"2023-12-11T17:09:00","date_gmt":"2023-12-11T17:09:00","guid":{"rendered":"https:\/\/noticierotamaulipeco.info\/?p=917"},"modified":"2023-12-13T05:22:24","modified_gmt":"2023-12-13T05:22:24","slug":"milei-asume-presidencia-de-argentina-y-anuncia-drasticas-medidas-economicas","status":"publish","type":"post","link":"https:\/\/noticierotamaulipeco.info\/?p=917","title":{"rendered":"Milei asume Presidencia de Argentina y\u00a0anuncia dr\u00e1sticas medidas econ\u00f3micas"},"content":{"rendered":"\n<p>El presidente dijo que inicia una nueva era en la que se ver\u00e1 la reconstrucci\u00f3n del pa\u00eds<\/p>\n\n\n\n<p>11 de diciembre de 2023<\/p>\n\n\n\n<figure class=\"wp-block-image size-full\"><img loading=\"lazy\" decoding=\"async\" width=\"770\" height=\"485\" src=\"https:\/\/noticierotamaulipeco.info\/wp-content\/uploads\/2023\/12\/imagen_cymkimagen_20231210-cec67d71e55f0d0e9656e266705c92c57b792a24011_crop1702289442176.jpg_1970638775.webp\" alt=\"\" class=\"wp-image-918\" srcset=\"https:\/\/noticierotamaulipeco.info\/wp-content\/uploads\/2023\/12\/imagen_cymkimagen_20231210-cec67d71e55f0d0e9656e266705c92c57b792a24011_crop1702289442176.jpg_1970638775.webp 770w, https:\/\/noticierotamaulipeco.info\/wp-content\/uploads\/2023\/12\/imagen_cymkimagen_20231210-cec67d71e55f0d0e9656e266705c92c57b792a24011_crop1702289442176.jpg_1970638775-300x189.webp 300w, https:\/\/noticierotamaulipeco.info\/wp-content\/uploads\/2023\/12\/imagen_cymkimagen_20231210-cec67d71e55f0d0e9656e266705c92c57b792a24011_crop1702289442176.jpg_1970638775-768x484.webp 768w, https:\/\/noticierotamaulipeco.info\/wp-content\/uploads\/2023\/12\/imagen_cymkimagen_20231210-cec67d71e55f0d0e9656e266705c92c57b792a24011_crop1702289442176.jpg_1970638775-540x340.webp 540w\" sizes=\"auto, (max-width: 770px) 100vw, 770px\" \/><\/figure>\n\n\n\n<p>El presidente de Argentina,&nbsp;Javier&nbsp;Milei, advirti\u00f3 a sus compatriotas que el pa\u00eds se encuentra en una situaci\u00f3n cr\u00edtica derivada de los errores cometidos durante d\u00e9cadas y anunci\u00f3 que para evitar una hiperinflaci\u00f3n y enderezar la econom\u00eda tomar\u00e1 dolorosas medidas de ajuste.<\/p>\n\n\n\n<p>Milei, de 53 a\u00f1os, se dirigi\u00f3 a miles de seguidores que le escucharon en un escenario montado a espaldas del Congreso, donde jur\u00f3 como presidente por un periodo de cuatro a\u00f1os en reemplazo del peronista Alberto Fern\u00e1ndez (2019-2023).<\/p>\n\n\n\n<p>El l\u00edder de La Libertad Avanza afirm\u00f3 que con su llegada al poder comenz\u00f3 una nueva era de \u201cpaz y crecimiento\u201d que pone fin a \u201cd\u00e9cadas de fracasos, peleas intestinas y disputas sin sentido que han destruido\u201d al pa\u00eds.<\/p>\n\n\n\n<p>Advirti\u00f3 que su Gobierno no tolerar\u00e1 \u201ca quienes usen la violencia o la extorsi\u00f3n\u201d para obstaculizar el cambio del actual modelo populista que se ha propuesto concretar.<\/p>\n\n\n\n<p><strong>El escenario de hiperinflaci\u00f3n, seg\u00fan Milei, llevar\u00eda a Argentina a la peor crisis de su historia y equiparar\u00eda al pa\u00eds \u201ccon la oscuridad de Venezuela\u201d. \u00a0\u00a0<\/strong><\/p>\n\n\n\n<p>Asistieron l\u00edderes mundiales de la derecha como el presidente de Ucrania,&nbsp;Volodimir&nbsp;Zelenski, el primer ministro de Hungr\u00eda,&nbsp;Viktor&nbsp;Orb\u00e1n, y el titular del partido&nbsp;Vox, el espa\u00f1ol Santiago&nbsp;Abascal.<\/p>\n\n\n\n<h4 class=\"wp-block-heading\"><strong>\u201cMi Gobierno recibe la peor herencia en la historia\u201d: Milei&nbsp;<\/strong><\/h4>\n\n\n\n<p>El ultraderechista, Javier Milei, dio su primer discurso como presidente ante simpatizantes, y dijo que en&nbsp;<strong>Argentina comienza una nueva era; \u201choy damos por terminada una larga y triste historia de declive y comenzamos la reconstrucci\u00f3n de nuestro pa\u00eds\u201d<\/strong>.<\/p>\n\n\n\n<p>El mandatario repas\u00f3 toda la herencia dejada por el Gobierno del peronista Alberto Fern\u00e1ndez (2019-2023) para pintar una dura radiograf\u00eda del pa\u00eds que encuentra al inicio de su gobierno&nbsp;y en el que deber\u00e1 tomar dif\u00edciles decisiones econ\u00f3micas, por lo que en ese sentido compar\u00f3 el impacto de la ca\u00edda del muro de Berl\u00edn con el resultado de las \u00faltimas elecciones argentinas.<\/p>\n\n\n\n<p>\u201cAs\u00ed como la ca\u00edda del muro de Berl\u00edn, estas elecciones han marcado el punto de quiebre de nuestra historia\u201d, indic\u00f3 Milei.<\/p>\n\n\n\n<p>Tambi\u00e9n habl\u00f3 de la nueva era que comienza la naci\u00f3n a su cargo: \u201cNo hay vuelta atr\u00e1s. Hoy enterramos d\u00e9cadas de fracaso y peleas sin sentido que nos han dejado en la ruina; hoy empieza una era de paz y prosperidad, de libertad y progreso, de desarrollo\u201d.<\/p>\n\n\n\n<p><strong>En el tema de la pobreza, pint\u00f3 un panorama sombr\u00edo.<\/strong>&nbsp;\u201cRecibimos un pa\u00eds donde la mitad de la poblaci\u00f3n es pobre; m\u00e1s de 20 millones no pueden vivir una vida digna\u201d y mencion\u00f3 que por m\u00e1s de 100 a\u00f1os los pol\u00edticos han insistido en defender un modelo que lo \u00fanico que genera es \u201cpobreza, estancamiento y miseria\u201d. Dijo que el modelo ha fracasado en todo el mundo, pero en especial en Argentina.<\/p>\n\n\n\n<p>Aunque Milei centr\u00f3 su discurso en el tema econ\u00f3mico, que resumi\u00f3 en que \u201cno hay plata\u201d y que no hay alternativa que lleve al \u201cajuste econ\u00f3mico\u201d y no m\u00e1s monetizaci\u00f3n,&nbsp;aludi\u00f3 a la \u201cherencia\u201d que le deja el Gobierno de Alberto Fern\u00e1ndez en materia social y de salud sin dejar de aludir al problema de violencia que azota a la naci\u00f3n y asegur\u00f3 que el pa\u00eds se convirti\u00f3 en un \u201cba\u00f1o de sangre\u201d y que el narcotr\u00e1fico \u201cse apoder\u00f3 de nuestras calles\u201d.<\/p>\n\n\n\n<p>Sin mencionarla por su nombre, se refiri\u00f3 a la situaci\u00f3n en Rosario, donde el problema del narcotr\u00e1fico est\u00e1 en ascenso. \u201cEl narco se apoder\u00f3 de la ciudad\u201d y mientras los delincuentes andan libres, \u201clos ciudadanos est\u00e1n encerrados\u201d en sus casas enrejadas. Advirti\u00f3 que con su Gobierno, se acab\u00f3 el \u201csiga, siga de los delincuentes\u201d. &nbsp; &nbsp; &nbsp;<\/p>\n\n\n\n<p><strong>Reconoci\u00f3 que el desaf\u00edo que tiene es \u201cenorme\u201d y que \u201c100 a\u00f1os de fracaso no se resuelven en un d\u00eda\u201d, pero que ya trabaja en ello.&nbsp;<\/strong>&nbsp; &nbsp; &nbsp;<\/p>\n\n\n\n<p>El Universal<\/p>\n","protected":false},"excerpt":{"rendered":"<p>El presidente dijo que inicia una nueva era en la que se ver\u00e1 la reconstrucci\u00f3n&#8230;<\/p>\n","protected":false},"author":1,"featured_media":918,"comment_status":"open","ping_status":"open","sticky":false,"template":"","format":"standard","meta":{"footnotes":""},"categories":[5],"tags":[],"class_list":["post-917","post","type-post","status-publish","format-standard","has-post-thumbnail","hentry","category-internacional"],"_links":{"self":[{"href":"https:\/\/noticierotamaulipeco.info\/index.php?rest_route=\/wp\/v2\/posts\/917","targetHints":{"allow":["GET"]}}],"collection":[{"href":"https:\/\/noticierotamaulipeco.info\/index.php?rest_route=\/wp\/v2\/posts"}],"about":[{"href":"https:\/\/noticierotamaulipeco.info\/index.php?rest_route=\/wp\/v2\/types\/post"}],"author":[{"embeddable":true,"href":"https:\/\/noticierotamaulipeco.info\/index.php?rest_route=\/wp\/v2\/users\/1"}],"replies":[{"embeddable":true,"href":"https:\/\/noticierotamaulipeco.info\/index.php?rest_route=%2Fwp%2Fv2%2Fcomments&post=917"}],"version-history":[{"count":1,"href":"https:\/\/noticierotamaulipeco.info\/index.php?rest_route=\/wp\/v2\/posts\/917\/revisions"}],"predecessor-version":[{"id":919,"href":"https:\/\/noticierotamaulipeco.info\/index.php?rest_route=\/wp\/v2\/posts\/917\/revisions\/919"}],"wp:featuredmedia":[{"embeddable":true,"href":"https:\/\/noticierotamaulipeco.info\/index.php?rest_route=\/wp\/v2\/media\/918"}],"wp:attachment":[{"href":"https:\/\/noticierotamaulipeco.info\/index.php?rest_route=%2Fwp%2Fv2%2Fmedia&parent=917"}],"wp:term":[{"taxonomy":"category","embeddable":true,"href":"https:\/\/noticierotamaulipeco.info\/index.php?rest_route=%2Fwp%2Fv2%2Fcategories&post=917"},{"taxonomy":"post_tag","embeddable":true,"href":"https:\/\/noticierotamaulipeco.info\/index.php?rest_route=%2Fwp%2Fv2%2Ftags&post=917"}],"curies":[{"name":"wp","href":"https:\/\/api.w.org\/{rel}","templated":true}]}}