{"id":948,"date":"2023-12-20T17:06:00","date_gmt":"2023-12-20T17:06:00","guid":{"rendered":"https:\/\/noticierotamaulipeco.info\/?p=948"},"modified":"2023-12-21T05:13:04","modified_gmt":"2023-12-21T05:13:04","slug":"entrega-uat-donativo-de-bicicletas-y-herramientas-de-trabajo-al-dif-tamaulipas","status":"publish","type":"post","link":"https:\/\/noticierotamaulipeco.info\/?p=948","title":{"rendered":"Entrega UAT donativo de bicicletas y herramientas de trabajo al DIF Tamaulipas"},"content":{"rendered":"\n<figure class=\"wp-block-image size-large\"><img loading=\"lazy\" decoding=\"async\" width=\"1024\" height=\"682\" src=\"https:\/\/noticierotamaulipeco.info\/wp-content\/uploads\/2023\/12\/2-25-1024x682.jpg\" alt=\"\" class=\"wp-image-949\" srcset=\"https:\/\/noticierotamaulipeco.info\/wp-content\/uploads\/2023\/12\/2-25-1024x682.jpg 1024w, https:\/\/noticierotamaulipeco.info\/wp-content\/uploads\/2023\/12\/2-25-300x200.jpg 300w, https:\/\/noticierotamaulipeco.info\/wp-content\/uploads\/2023\/12\/2-25-768x512.jpg 768w, https:\/\/noticierotamaulipeco.info\/wp-content\/uploads\/2023\/12\/2-25.jpg 1280w\" sizes=\"auto, (max-width: 1024px) 100vw, 1024px\" \/><\/figure>\n\n\n\n<p>Ciudad Victoria, Tam.; 20 de diciembre de 2023.<\/p>\n\n\n\n<p>Entrega UAT donativo de bicicletas y herramientas de trabajo al<\/p>\n\n\n\n<p>DIF Tamaulipas<\/p>\n\n\n\n<p>Como parte de la colaboraci\u00f3n altruista que busca contribuir en acciones para el<br>bienestar de la comunidad, la Universidad Aut\u00f3noma de Tamaulipas (UAT) entreg\u00f3<br>un valioso donativo al Sistema para el Desarrollo Integral de la Familia (DIF)<br>Tamaulipas que dirige la doctora Mar\u00eda de Villarreal.<br>En representaci\u00f3n del rector de la UAT, MVZ D\u00e1maso Leonardo Anaya<br>Alvarado, su esposa, la Lic. Isolda Rend\u00f3n de Anaya, acudi\u00f3 a las instalaciones<br>del Sistema DIF en esta capital, donde se llev\u00f3 a cabo la entrega del generoso<br>aporte que consiste en veinte triciclos y treinta y dos bicicletas destinadas a<br>proporcionar movilidad y a servir como herramientas de recreaci\u00f3n y desarrollo<br>f\u00edsico para quienes m\u00e1s lo necesitan.<br>Adem\u00e1s, se entreg\u00f3 un conjunto integral de herramientas de trabajo,<br>compuesto por palas, talaches, carretillas, tri\u00e1ngulos, machetes, zapapicos,<br>cavadores y barretas, que ser\u00e1n distribuidas en comunidades del sector rural<br>atendidas por el DIF estatal en la b\u00fasqueda de mejorar la calidad de vida de las<br>familias tamaulipecas.<br>En nombre de la doctora Mar\u00eda de Villarreal, la directora General del DIF<br>Tamaulipas, Patricia Lara Ayala, recibi\u00f3 con gratitud este gesto solidario de la<br>comunidad universitaria y expres\u00f3 su reconocimiento a la UAT por su compromiso<br>con el desarrollo integral de las familias, subrayando la importancia de la<br>colaboraci\u00f3n entre instituciones para lograr un impacto positivo en la sociedad.<br>En ese contexto, se puso de relieve que la uni\u00f3n entre la UAT y el DIF<br>Tamaulipas representa un paso significativo hacia un futuro en el que la<br>colaboraci\u00f3n entre instituciones sea un motor de cambio para la transformaci\u00f3n y el progreso social.<\/p>\n","protected":false},"excerpt":{"rendered":"<p>Ciudad Victoria, Tam.; 20 de diciembre de 2023. Entrega UAT donativo de bicicletas y herramientas&#8230;<\/p>\n","protected":false},"author":1,"featured_media":949,"comment_status":"open","ping_status":"open","sticky":false,"template":"","format":"standard","meta":{"footnotes":""},"categories":[4],"tags":[],"class_list":["post-948","post","type-post","status-publish","format-standard","has-post-thumbnail","hentry","category-educacion"],"_links":{"self":[{"href":"https:\/\/noticierotamaulipeco.info\/index.php?rest_route=\/wp\/v2\/posts\/948","targetHints":{"allow":["GET"]}}],"collection":[{"href":"https:\/\/noticierotamaulipeco.info\/index.php?rest_route=\/wp\/v2\/posts"}],"about":[{"href":"https:\/\/noticierotamaulipeco.info\/index.php?rest_route=\/wp\/v2\/types\/post"}],"author":[{"embeddable":true,"href":"https:\/\/noticierotamaulipeco.info\/index.php?rest_route=\/wp\/v2\/users\/1"}],"replies":[{"embeddable":true,"href":"https:\/\/noticierotamaulipeco.info\/index.php?rest_route=%2Fwp%2Fv2%2Fcomments&post=948"}],"version-history":[{"count":1,"href":"https:\/\/noticierotamaulipeco.info\/index.php?rest_route=\/wp\/v2\/posts\/948\/revisions"}],"predecessor-version":[{"id":950,"href":"https:\/\/noticierotamaulipeco.info\/index.php?rest_route=\/wp\/v2\/posts\/948\/revisions\/950"}],"wp:featuredmedia":[{"embeddable":true,"href":"https:\/\/noticierotamaulipeco.info\/index.php?rest_route=\/wp\/v2\/media\/949"}],"wp:attachment":[{"href":"https:\/\/noticierotamaulipeco.info\/index.php?rest_route=%2Fwp%2Fv2%2Fmedia&parent=948"}],"wp:term":[{"taxonomy":"category","embeddable":true,"href":"https:\/\/noticierotamaulipeco.info\/index.php?rest_route=%2Fwp%2Fv2%2Fcategories&post=948"},{"taxonomy":"post_tag","embeddable":true,"href":"https:\/\/noticierotamaulipeco.info\/index.php?rest_route=%2Fwp%2Fv2%2Ftags&post=948"}],"curies":[{"name":"wp","href":"https:\/\/api.w.org\/{rel}","templated":true}]}}