{"id":952,"date":"2023-12-21T02:13:00","date_gmt":"2023-12-21T02:13:00","guid":{"rendered":"https:\/\/noticierotamaulipeco.info\/?p=952"},"modified":"2023-12-21T05:22:52","modified_gmt":"2023-12-21T05:22:52","slug":"biden-libera-al-presunto-prestanombres-de-maduro-en-intercambio-de-presos-con-venezuela","status":"publish","type":"post","link":"https:\/\/noticierotamaulipeco.info\/?p=952","title":{"rendered":"Biden libera al presunto prestanombres de Maduro en intercambio de presos con Venezuela"},"content":{"rendered":"\n<p>Maduro denunci\u00f3 en su momento que Saab era un \u201cdiplom\u00e1tico\u201d que estaba \u201csecuestrado\u201d y rompi\u00f3 el di\u00e1logo con la oposici\u00f3n venezolana<\/p>\n\n\n\n<p>DICIEMBRE 21, 2023<\/p>\n\n\n\n<figure class=\"wp-block-image size-large\"><img loading=\"lazy\" decoding=\"async\" width=\"1024\" height=\"676\" src=\"https:\/\/noticierotamaulipeco.info\/wp-content\/uploads\/2023\/12\/biden-libera-al-presunto-prestanombres-de-maduro-en-intercambio-de-presos-con-venezuela-1024x676.webp\" alt=\"\" class=\"wp-image-954\" srcset=\"https:\/\/noticierotamaulipeco.info\/wp-content\/uploads\/2023\/12\/biden-libera-al-presunto-prestanombres-de-maduro-en-intercambio-de-presos-con-venezuela-1024x676.webp 1024w, https:\/\/noticierotamaulipeco.info\/wp-content\/uploads\/2023\/12\/biden-libera-al-presunto-prestanombres-de-maduro-en-intercambio-de-presos-con-venezuela-300x198.webp 300w, https:\/\/noticierotamaulipeco.info\/wp-content\/uploads\/2023\/12\/biden-libera-al-presunto-prestanombres-de-maduro-en-intercambio-de-presos-con-venezuela-768x507.webp 768w, https:\/\/noticierotamaulipeco.info\/wp-content\/uploads\/2023\/12\/biden-libera-al-presunto-prestanombres-de-maduro-en-intercambio-de-presos-con-venezuela.webp 1536w\" sizes=\"auto, (max-width: 1024px) 100vw, 1024px\" \/><\/figure>\n\n\n\n<p><strong>Estados<\/strong>&nbsp;<strong>Unidos<\/strong>&nbsp;liber\u00f3 al colombiano&nbsp;<strong>Alex<\/strong>&nbsp;<strong>Saab<\/strong>, presunto prestanonbres del presidente de&nbsp;<strong>Venezuela<\/strong>,&nbsp;<strong>Nicol\u00e1s<\/strong>&nbsp;<strong>Maduro<\/strong>, a cambio de la excarcelaci\u00f3n de varios venezolanos y estadounidenses detenidos en el pa\u00eds sudamericano.<\/p>\n\n\n\n<p>La Administraci\u00f3n de Joe Biden dio as\u00ed un nuevo paso hacia el deshielo con el&nbsp;<strong>Gobierno<\/strong>&nbsp;de&nbsp;<strong>Maduro<\/strong>. En octubre pasado, levant\u00f3 las sanciones al petr\u00f3leo venezolano como respuesta a la hoja de ruta electoral pactada entre el chavismo y la oposici\u00f3n.<\/p>\n\n\n\n<figure class=\"wp-block-embed is-type-rich is-provider-twitter wp-block-embed-twitter\"><div class=\"wp-block-embed__wrapper\">\n<blockquote class=\"twitter-tweet\" data-width=\"550\" data-dnt=\"true\"><p lang=\"es\" dir=\"ltr\">Agradezco ampliamente al Dr. Jorge Rodr\u00edguez, al gobernador H\u00e9ctor Rodr\u00edguez, al gobierno de Qatar, al Movimiento Free Alex Saab, quienes han conducido todo este proceso de un acercamiento brillante y el di\u00e1logo con el Gobierno de los Estados Unidos de Norteam\u00e9rica. Este canje y\u2026 <a href=\"https:\/\/t.co\/vjArzkAFyb\">pic.twitter.com\/vjArzkAFyb<\/a><\/p>&mdash; Nicol\u00e1s Maduro (@NicolasMaduro) <a href=\"https:\/\/twitter.com\/NicolasMaduro\/status\/1737611677409964408?ref_src=twsrc%5Etfw\">December 20, 2023<\/a><\/blockquote><script async src=\"https:\/\/platform.twitter.com\/widgets.js\" charset=\"utf-8\"><\/script>\n<\/div><\/figure>\n\n\n\n<p>Saab, encarcelado en Miami desde octubre 2021, lleg\u00f3 a&nbsp;<strong>Caracas<\/strong>&nbsp;y acudi\u00f3 directamente al palacio presidencial de&nbsp;<strong>Miraflores<\/strong>, donde fue recibido con abrazos por Maduro, quien lo calific\u00f3 como \u201cun hombre valiente y patriota\u201d.<\/p>\n\n\n\n<p>Este estrecho colaborador del presidente venezolano fue detenido en junio de 2020 en Cabo Verde y extraditado en octubre de 2021 a&nbsp;<strong>Estados<\/strong>&nbsp;<strong>Unidos<\/strong>, donde enfrentaba cargos federales por el presunto lavado de hasta&nbsp;<strong>350 millones de d\u00f3lares<\/strong>&nbsp;defraudados.<\/p>\n\n\n\n<p>Maduro denunci\u00f3 en su momento que&nbsp;<strong>Saab<\/strong>&nbsp;era un \u201cdiplom\u00e1tico\u201d que estaba \u201csecuestrado\u201d y rompi\u00f3 el di\u00e1logo con la oposici\u00f3n venezolana a ra\u00edz de la extradici\u00f3n.<\/p>\n\n\n\n<p>Por su parte, el Gobierno de<strong>&nbsp;Estados Unidos<\/strong>&nbsp;siempre dijo que la entrega de Saab era una l\u00ednea roja que no estaba dispuesto a cruzar.<\/p>\n\n\n\n<p>A cambio del regreso hoy de Saab a Venezuela,\u00a0<strong>Washington<\/strong>\u00a0logr\u00f3 la liberaci\u00f3n de diez estadounidenses detenidos en el pa\u00eds suramericano, entre ellos Joseph Cristella, Eyvin Hern\u00e1ndez, Jerrel Kenemore y Savoi Wright.<\/p>\n\n\n\n<p>Tambi\u00e9n la excarcelaci\u00f3n de 20 venezolanos considerados \u201c<strong>presos<\/strong>&nbsp;<strong>pol\u00edticos<\/strong>\u201c, como el abogado Roberto Abdul, miembro del comit\u00e9 organizador de las primarias opositoras.<\/p>\n\n\n\n<p>Dentro del mismo acuerdo,&nbsp;<strong>Venezuela<\/strong>&nbsp;accedi\u00f3 adem\u00e1s a extraditar a Estados Unidos al contratista militar estadounidense Leonard Francis, conocido como \u2018Fat Leonard\u2019, presunto responsable de uno de los mayores esc\u00e1ndalos de corrupci\u00f3n en el Ej\u00e9rcito de&nbsp;<strong>Estados Unidos<\/strong>.<\/p>\n\n\n\n<p>La&nbsp;<strong>Casa<\/strong>&nbsp;<strong>Blanca<\/strong>&nbsp;no ha confirmado si entre los estadounidenses excarcelados hay los exboinas verdes&nbsp;<strong>Luke Denman<\/strong>&nbsp;y Airan Berry, acusados de intentar derrocar a Maduro en 2019.<\/p>\n\n\n\n<p>La liberaci\u00f3n de&nbsp;<strong>presos<\/strong>&nbsp;estadounidenses y venezolanos era una de las condiciones que la Administraci\u00f3n de Biden hab\u00eda exigido a cambio de no reinstaurar las sanciones sobre el sector petrolero venezolano.<br>Biden y Maduro celebran el acuerdo<\/p>\n\n\n\n<p><strong>Biden<\/strong>&nbsp;celebr\u00f3 en un comunicado la excarcelaci\u00f3n de los presos y prometi\u00f3 que seguir\u00e1 trabajando para que el&nbsp;<strong>Gobierno<\/strong>&nbsp;venezolano cumpla con sus \u201ccompromisos\u201d para la celebraci\u00f3n de unas elecciones democr\u00e1ticas en el pa\u00eds.<\/p>\n\n\n\n<p>Posteriormente, revel\u00f3 a un grupo de periodistas que no ha hablado directamente con&nbsp;<strong>Maduro<\/strong>, pero se mostr\u00f3 convencido de que el Ejecutivo chavista respetar\u00e1 los \u201crequisitos espec\u00edficos\u201d que Washington le ha pedido para unos comicios libres el pr\u00f3ximo a\u00f1o.<\/p>\n\n\n\n<p>Altos funcionarios de la&nbsp;<strong>Casa Blanca<\/strong>&nbsp;reconocieron en una rueda de prensa telef\u00f3nica que la decisi\u00f3n de Biden de liberar a Saab fue \u201cextremadamente dif\u00edcil\u201d pero \u201ccorrecta\u201d.<\/p>\n\n\n\n<p>Al recibir a Saab en Miraflores, Maduro revel\u00f3 que Catar medi\u00f3 en el canje de prisioneros y expres\u00f3 a Biden su voluntad de mantener unas relaciones \u201ccara a cara\u201d y \u201ccon respeto\u201d entre ambos pa\u00edses, que rompieron relaciones diplom\u00e1ticas en 2019, durante la Administraci\u00f3n del republicano&nbsp;<strong>Donald Trump<\/strong>.<\/p>\n\n\n\n<p>Saab, por su parte, agradeci\u00f3 al&nbsp;<strong>Gobierno<\/strong>&nbsp;chavista por lograr el \u201cmilagro\u201d de su liberaci\u00f3n.<\/p>\n\n\n\n<p>Los senadores republicanos Marco Rubio y Rick Scott y el dem\u00f3crata&nbsp;<strong>Bob Men\u00e9ndez<\/strong>&nbsp;arremetieron contra decisi\u00f3n de Biden, la cual ven como una \u201cvergonzosa\u201d concesi\u00f3n a Maduro.<\/p>\n\n\n\n<p>Una relaci\u00f3n turbulenta<\/p>\n\n\n\n<p>La relaci\u00f3n entre Washington y Caracas alcanz\u00f3 su punto m\u00e1s bajo en 2019, cuando la Administraci\u00f3n de&nbsp;<strong>Trump<\/strong>&nbsp;reconoci\u00f3 como presidente interino al l\u00edder opositor Juan Guaid\u00f3 e intensific\u00f3 las sanciones econ\u00f3micas a Venezuela.<\/p>\n\n\n\n<p>El Gobierno de Biden ha buscado en el \u00faltimo a\u00f1o suavizar la relaci\u00f3n con&nbsp;<strong>Maduro<\/strong>, para poder cooperar en la gesti\u00f3n de la crisis migratoria y tambi\u00e9n facilitar el di\u00e1logo entre el chavismo y la oposici\u00f3n que se hab\u00eda roto con la extradici\u00f3n de Saab.<\/p>\n\n\n\n<p>En octubre, los representantes de&nbsp;<strong>Maduro<\/strong>&nbsp;y de la opositora&nbsp;<strong>Plataforma<\/strong>&nbsp;<strong>Unitaria<\/strong>&nbsp;firmaron una hoja de ruta para la celebraci\u00f3n de unas elecciones presidenciales democr\u00e1ticas en 2024, tras lo cual Washington levant\u00f3 las sanciones sobre el petr\u00f3leo.<\/p>\n\n\n\n<p>Desde entonces, la&nbsp;<strong>Administraci\u00f3n de Biden<\/strong>&nbsp;ha presionado para la liberaci\u00f3n de presos estadounidenses y venezolanos, y para que se permita participar en las elecciones a la candidata opositora Mar\u00eda Corina Machado, actualmente inhabilitada.<\/p>\n\n\n\n<p>Con informaci\u00f3n de EFE<\/p>\n","protected":false},"excerpt":{"rendered":"<p>Maduro denunci\u00f3 en su momento que Saab era un \u201cdiplom\u00e1tico\u201d que estaba \u201csecuestrado\u201d y rompi\u00f3&#8230;<\/p>\n","protected":false},"author":1,"featured_media":954,"comment_status":"open","ping_status":"open","sticky":false,"template":"","format":"standard","meta":{"footnotes":""},"categories":[5],"tags":[],"class_list":["post-952","post","type-post","status-publish","format-standard","has-post-thumbnail","hentry","category-internacional"],"_links":{"self":[{"href":"https:\/\/noticierotamaulipeco.info\/index.php?rest_route=\/wp\/v2\/posts\/952","targetHints":{"allow":["GET"]}}],"collection":[{"href":"https:\/\/noticierotamaulipeco.info\/index.php?rest_route=\/wp\/v2\/posts"}],"about":[{"href":"https:\/\/noticierotamaulipeco.info\/index.php?rest_route=\/wp\/v2\/types\/post"}],"author":[{"embeddable":true,"href":"https:\/\/noticierotamaulipeco.info\/index.php?rest_route=\/wp\/v2\/users\/1"}],"replies":[{"embeddable":true,"href":"https:\/\/noticierotamaulipeco.info\/index.php?rest_route=%2Fwp%2Fv2%2Fcomments&post=952"}],"version-history":[{"count":1,"href":"https:\/\/noticierotamaulipeco.info\/index.php?rest_route=\/wp\/v2\/posts\/952\/revisions"}],"predecessor-version":[{"id":955,"href":"https:\/\/noticierotamaulipeco.info\/index.php?rest_route=\/wp\/v2\/posts\/952\/revisions\/955"}],"wp:featuredmedia":[{"embeddable":true,"href":"https:\/\/noticierotamaulipeco.info\/index.php?rest_route=\/wp\/v2\/media\/954"}],"wp:attachment":[{"href":"https:\/\/noticierotamaulipeco.info\/index.php?rest_route=%2Fwp%2Fv2%2Fmedia&parent=952"}],"wp:term":[{"taxonomy":"category","embeddable":true,"href":"https:\/\/noticierotamaulipeco.info\/index.php?rest_route=%2Fwp%2Fv2%2Fcategories&post=952"},{"taxonomy":"post_tag","embeddable":true,"href":"https:\/\/noticierotamaulipeco.info\/index.php?rest_route=%2Fwp%2Fv2%2Ftags&post=952"}],"curies":[{"name":"wp","href":"https:\/\/api.w.org\/{rel}","templated":true}]}}