{"id":960,"date":"2023-12-23T19:38:45","date_gmt":"2023-12-23T19:38:45","guid":{"rendered":"https:\/\/noticierotamaulipeco.info\/?p=960"},"modified":"2024-01-10T19:43:40","modified_gmt":"2024-01-10T19:43:40","slug":"desea-americo-paz-salud-y-prosperidad-a-las-familias-tamaulipecas","status":"publish","type":"post","link":"https:\/\/noticierotamaulipeco.info\/?p=960","title":{"rendered":"DESEA AM\u00c9RICO PAZ, SALUD Y PROSPERIDAD A LAS FAMILIAS TAMAULIPECAS"},"content":{"rendered":"\n<figure class=\"wp-block-image size-full\"><img loading=\"lazy\" decoding=\"async\" width=\"850\" height=\"500\" src=\"https:\/\/noticierotamaulipeco.info\/wp-content\/uploads\/2024\/01\/IMG-20231223-WA0072-850x500-1.jpg\" alt=\"\" class=\"wp-image-961\" srcset=\"https:\/\/noticierotamaulipeco.info\/wp-content\/uploads\/2024\/01\/IMG-20231223-WA0072-850x500-1.jpg 850w, https:\/\/noticierotamaulipeco.info\/wp-content\/uploads\/2024\/01\/IMG-20231223-WA0072-850x500-1-300x176.jpg 300w, https:\/\/noticierotamaulipeco.info\/wp-content\/uploads\/2024\/01\/IMG-20231223-WA0072-850x500-1-768x452.jpg 768w\" sizes=\"auto, (max-width: 850px) 100vw, 850px\" \/><\/figure>\n\n\n\n<p>Diciembre 23 de 2023<\/p>\n\n\n\n<p>Ciudad Victoria, Tamaulipas.- En v\u00edsperas de la Nochebuena y de la Navidad, el gobernador Am\u00e9rico Villarreal Anaya llam\u00f3 a las y los tamaulipecos a fortalecer nuestros lazos como sociedad y que la paz sea cada vez m\u00e1s una realidad en nuestro estado y en el pa\u00eds.<\/p>\n\n\n\n<p>Al participar en el encendido de la cuarta vela de adviento, junto a las familias que se dieron cita en la Plaza Ju\u00e1rez de esta capital, el gobernador expres\u00f3 sus mejores deseos y los de su familia para que en esta celebraci\u00f3n \u00abexista mucha paz, mucha salud y mucha prosperidad en cada uno de los hogares\u00bb.<\/p>\n\n\n\n<p>\u00abEn esta v\u00edspera de Nochebuena y que bien nos dicen que esta cuarta vela de adviento representa el \u00e1ngel de la paz y que todos podamos tener y buscar realmente pedir porque esto sea realidad y cada vez m\u00e1s en nuestro estado y en nuestro pa\u00eds\u00bb, expres\u00f3.<\/p>\n\n\n\n<p>\u00abQue podamos seguir creando este ambiente de una sociedad afectiva que nos estimemos y que al interior de cada uno de los hogares exista un liderazgo de esta familia y de esa integraci\u00f3n que es lo que estamos seguros nos traer\u00e1 la paz y nos traer\u00e1 la prosperidad que tanto todos anhelamos\u00bb, agreg\u00f3.<\/p>\n\n\n\n<p>En esta \u00faltima celebraci\u00f3n antes de la Navidad, los asistentes a la Plaza Ju\u00e1rez disfrutaron del \u201cmapping\u201d navide\u00f1o que se proyect\u00f3 en la fachada principal de Palacio de Gobierno y despu\u00e9s presenciaron una espectacular lluvia de luces multicolores de fuegos artificiales.<\/p>\n\n\n\n<p>En su intervenci\u00f3n, el canciller de la Di\u00f3cesis de Victoria, Andr\u00e9s Figueroa Santos, explic\u00f3 que la cuarta vela de adviento, en color blanco, representa la esperanza, representa el tiempo que se avecina que es ya la Navidad y pidi\u00f3 a todos celebrar la fe, la unidad y el mensaje de paz.<\/p>\n\n\n\n<p>A su arribo a la Plaza Ju\u00e1rez, el gobernador presenci\u00f3 el ensamble sinf\u00f3nico comunitario con la Banda de M\u00fasica del Gobierno del Estado e integrantes de la Banda Sinf\u00f3nica Comunitaria de Victoria, frente al Centro Cultural Tamaulipas, quienes lo recibieron entonando el Cuerudo Tamaulipeco para despu\u00e9s dar paso a los temas navide\u00f1os.<\/p>\n\n\n\n<p>En esta emotiva celebraci\u00f3n, el gobernador estuvo acompa\u00f1ado por el secretario general de Gobierno, H\u00e9ctor Joel Villegas Gonz\u00e1lez, as\u00ed como secretarias y secretarios del gabinete estatal.<\/p>\n","protected":false},"excerpt":{"rendered":"<p>Diciembre 23 de 2023 Ciudad Victoria, Tamaulipas.- En v\u00edsperas de la Nochebuena y de la&#8230;<\/p>\n","protected":false},"author":1,"featured_media":961,"comment_status":"open","ping_status":"open","sticky":false,"template":"","format":"standard","meta":{"footnotes":""},"categories":[2],"tags":[],"class_list":["post-960","post","type-post","status-publish","format-standard","has-post-thumbnail","hentry","category-tamaulipas"],"_links":{"self":[{"href":"https:\/\/noticierotamaulipeco.info\/index.php?rest_route=\/wp\/v2\/posts\/960","targetHints":{"allow":["GET"]}}],"collection":[{"href":"https:\/\/noticierotamaulipeco.info\/index.php?rest_route=\/wp\/v2\/posts"}],"about":[{"href":"https:\/\/noticierotamaulipeco.info\/index.php?rest_route=\/wp\/v2\/types\/post"}],"author":[{"embeddable":true,"href":"https:\/\/noticierotamaulipeco.info\/index.php?rest_route=\/wp\/v2\/users\/1"}],"replies":[{"embeddable":true,"href":"https:\/\/noticierotamaulipeco.info\/index.php?rest_route=%2Fwp%2Fv2%2Fcomments&post=960"}],"version-history":[{"count":1,"href":"https:\/\/noticierotamaulipeco.info\/index.php?rest_route=\/wp\/v2\/posts\/960\/revisions"}],"predecessor-version":[{"id":962,"href":"https:\/\/noticierotamaulipeco.info\/index.php?rest_route=\/wp\/v2\/posts\/960\/revisions\/962"}],"wp:featuredmedia":[{"embeddable":true,"href":"https:\/\/noticierotamaulipeco.info\/index.php?rest_route=\/wp\/v2\/media\/961"}],"wp:attachment":[{"href":"https:\/\/noticierotamaulipeco.info\/index.php?rest_route=%2Fwp%2Fv2%2Fmedia&parent=960"}],"wp:term":[{"taxonomy":"category","embeddable":true,"href":"https:\/\/noticierotamaulipeco.info\/index.php?rest_route=%2Fwp%2Fv2%2Fcategories&post=960"},{"taxonomy":"post_tag","embeddable":true,"href":"https:\/\/noticierotamaulipeco.info\/index.php?rest_route=%2Fwp%2Fv2%2Ftags&post=960"}],"curies":[{"name":"wp","href":"https:\/\/api.w.org\/{rel}","templated":true}]}}