{"id":982,"date":"2023-12-30T21:12:58","date_gmt":"2023-12-30T21:12:58","guid":{"rendered":"https:\/\/noticierotamaulipeco.info\/?p=982"},"modified":"2024-01-10T21:16:25","modified_gmt":"2024-01-10T21:16:25","slug":"difunde-la-uat-temas-especializados-de-odontologia","status":"publish","type":"post","link":"https:\/\/noticierotamaulipeco.info\/?p=982","title":{"rendered":"Difunde la UAT temas especializados de odontolog\u00eda"},"content":{"rendered":"\n<figure class=\"wp-block-image size-large\"><img loading=\"lazy\" decoding=\"async\" width=\"1024\" height=\"573\" src=\"https:\/\/noticierotamaulipeco.info\/wp-content\/uploads\/2024\/01\/3-33-1024x573.jpg\" alt=\"\" class=\"wp-image-983\" srcset=\"https:\/\/noticierotamaulipeco.info\/wp-content\/uploads\/2024\/01\/3-33-1024x573.jpg 1024w, https:\/\/noticierotamaulipeco.info\/wp-content\/uploads\/2024\/01\/3-33-300x168.jpg 300w, https:\/\/noticierotamaulipeco.info\/wp-content\/uploads\/2024\/01\/3-33-768x430.jpg 768w, https:\/\/noticierotamaulipeco.info\/wp-content\/uploads\/2024\/01\/3-33.jpg 1280w\" sizes=\"auto, (max-width: 1024px) 100vw, 1024px\" \/><\/figure>\n\n\n\n<p>Ciudad Victoria, Tam.; 30 de diciembre de 2023.<\/p>\n\n\n\n<p>Difunde la UAT temas especializados de odontolog\u00eda<\/p>\n\n\n\n<p>La Facultad de Odontolog\u00eda Tampico de la Universidad Aut\u00f3noma de Tamaulipas<br>(UAT) realiz\u00f3 el Seminario Especializado en Periodoncia, en el que se abordaron<br>temas relevantes para la formaci\u00f3n de los estudiantes de ese plantel del Campus<br>Sur.<br>En el evento llevado a cabo en el auditorio de la dependencia universitaria<br>se presentaron conferencias magistrales e investigaciones relevantes para la<br>disciplina odontol\u00f3gica.<br>Entre las investigaciones que se expusieron est\u00e1n: &#8220;Evaluaciones de la<br>deformaci\u00f3n f\u00edsica de la fresa inicial y medici\u00f3n t\u00e9rmica del fresado en dos<br>sistemas de implantes dentales&#8221; y &#8220;Aplicaci\u00f3n de gel minociclina-quitosano como<br>coadyuvante en pacientes con periodontitis&#8221;.<br>Dichos trabajos abordaron temas fundamentales en el \u00e1mbito de la<br>odontolog\u00eda y brindaron nuevas perspectivas y aplicaciones pr\u00e1cticas para el<br>cuidado de la salud bucal.<br>Cabe se\u00f1alar que la periodoncia es la especialidad de la odontolog\u00eda que<br>estudia la prevenci\u00f3n, diagn\u00f3stico y tratamiento de las enfermedades o anomal\u00edas<br>que afectan a los tejidos que soportan los dientes.<br>Las principales enfermedades periodontales son la gingivitis y la<br>periodontitis. Esta \u00faltima es una infecci\u00f3n grave de las enc\u00edas que puede llevar a<br>la p\u00e9rdida de piezas dentales y de hueso u otras complicaciones de salud graves.<br>Ante ese contexto, la Facultad de Odontolog\u00eda Tampico contribuye al<br>desarrollo de investigaci\u00f3n que pueda ser de utilidad en el tratamiento de estas y<br>otras enfermedades; adem\u00e1s, privilegia la formaci\u00f3n de profesionales a trav\u00e9s de<br>contenidos acad\u00e9micos actuales y pertinentes.<br>En el evento, que cont\u00f3 con la participaci\u00f3n del Dr. Rogelio Oliver Parra, <\/p>\n\n\n\n<p>director de la Facultad de Odontolog\u00eda, y otros funcionarios del plantel, se destac\u00f3<br>que la Facultad de Odontolog\u00eda de la UAT fortalece el desarrollo de actividades<br>acad\u00e9micas que buscan una actualizaci\u00f3n constante en esta \u00e1rea de la salud.<\/p>\n","protected":false},"excerpt":{"rendered":"<p>Ciudad Victoria, Tam.; 30 de diciembre de 2023. Difunde la UAT temas especializados de odontolog\u00eda&#8230;<\/p>\n","protected":false},"author":1,"featured_media":983,"comment_status":"open","ping_status":"open","sticky":false,"template":"","format":"standard","meta":{"footnotes":""},"categories":[4],"tags":[],"class_list":["post-982","post","type-post","status-publish","format-standard","has-post-thumbnail","hentry","category-educacion"],"_links":{"self":[{"href":"https:\/\/noticierotamaulipeco.info\/index.php?rest_route=\/wp\/v2\/posts\/982","targetHints":{"allow":["GET"]}}],"collection":[{"href":"https:\/\/noticierotamaulipeco.info\/index.php?rest_route=\/wp\/v2\/posts"}],"about":[{"href":"https:\/\/noticierotamaulipeco.info\/index.php?rest_route=\/wp\/v2\/types\/post"}],"author":[{"embeddable":true,"href":"https:\/\/noticierotamaulipeco.info\/index.php?rest_route=\/wp\/v2\/users\/1"}],"replies":[{"embeddable":true,"href":"https:\/\/noticierotamaulipeco.info\/index.php?rest_route=%2Fwp%2Fv2%2Fcomments&post=982"}],"version-history":[{"count":1,"href":"https:\/\/noticierotamaulipeco.info\/index.php?rest_route=\/wp\/v2\/posts\/982\/revisions"}],"predecessor-version":[{"id":984,"href":"https:\/\/noticierotamaulipeco.info\/index.php?rest_route=\/wp\/v2\/posts\/982\/revisions\/984"}],"wp:featuredmedia":[{"embeddable":true,"href":"https:\/\/noticierotamaulipeco.info\/index.php?rest_route=\/wp\/v2\/media\/983"}],"wp:attachment":[{"href":"https:\/\/noticierotamaulipeco.info\/index.php?rest_route=%2Fwp%2Fv2%2Fmedia&parent=982"}],"wp:term":[{"taxonomy":"category","embeddable":true,"href":"https:\/\/noticierotamaulipeco.info\/index.php?rest_route=%2Fwp%2Fv2%2Fcategories&post=982"},{"taxonomy":"post_tag","embeddable":true,"href":"https:\/\/noticierotamaulipeco.info\/index.php?rest_route=%2Fwp%2Fv2%2Ftags&post=982"}],"curies":[{"name":"wp","href":"https:\/\/api.w.org\/{rel}","templated":true}]}}